{"id":9060,"date":"2026-02-25T17:09:36","date_gmt":"2026-02-25T20:09:36","guid":{"rendered":"https:\/\/aciasb.com.br\/site\/?p=9060"},"modified":"2026-02-25T17:09:36","modified_gmt":"2026-02-25T20:09:36","slug":"diretoria-da-aciasb-na-rainha-fm-celebrando-o-sucesso-do-projeto-capacitar","status":"publish","type":"post","link":"https:\/\/aciasb.com.br\/site\/diretoria-da-aciasb-na-rainha-fm-celebrando-o-sucesso-do-projeto-capacitar\/","title":{"rendered":"Diretoria da ACIASB na Rainha FM: Celebrando o Sucesso do Projeto Capacitar!"},"content":{"rendered":"<p class=\"ng-star-inserted\"><span class=\"ng-star-inserted\">\ud83c\udf99\ufe0f\u00a0<\/span><strong class=\"ng-star-inserted\"><span class=\"ng-star-inserted\">ACIASB na M\u00eddia!<\/span><\/strong><span class=\"ng-star-inserted\">\u00a0Dando continuidade \u00e0 divulga\u00e7\u00e3o das nossas conquistas, nossa diretoria marcou presen\u00e7a na\u00a0<\/span><strong class=\"ng-star-inserted\"><span class=\"ng-star-inserted\">R\u00e1dio Rainha FM<\/span><\/strong><span class=\"ng-star-inserted\">\u00a0nesta ter\u00e7a-feira, 24\/02, em um bate-papo especial com Neto Maravilha e Cosme.<\/span><\/p>\n<p class=\"ng-star-inserted\"><span class=\"ng-star-inserted\">No ar, estiveram nosso Presidente\u00a0<\/span><strong class=\"ng-star-inserted\"><span class=\"ng-star-inserted\">Fernando Henrique<\/span><\/strong><span class=\"ng-star-inserted\">, a Vice-presidente\u00a0<\/span><strong class=\"ng-star-inserted\"><span class=\"ng-star-inserted\">Regivan Gomes<\/span><\/strong><span class=\"ng-star-inserted\">, o Diretor de Projetos\u00a0<\/span><strong class=\"ng-star-inserted\"><span class=\"ng-star-inserted\">Dr. Marinho<\/span><\/strong><span class=\"ng-star-inserted\">, e a Diretora de Rela\u00e7\u00f5es P\u00fablicas\u00a0<\/span><strong class=\"ng-star-inserted\"><span class=\"ng-star-inserted\">Ana Cl\u00e1udia Matos<\/span><\/strong><span class=\"ng-star-inserted\">.<\/span><\/p>\n<p class=\"ng-star-inserted\"><span class=\"ng-star-inserted\">A conversa celebrou os resultados incr\u00edveis do Projeto Capacitar 2025, com destaque especial para a pasta de Ana Cl\u00e1udia, que liderou a conquista do pr\u00eamio de 1\u00ba lugar em Desenvolvimento Local!<\/span><\/p>\n<p class=\"ng-star-inserted\"><span class=\"ng-star-inserted\">Confira todos os reconhecimentos que nos enchem de orgulho:<\/span><\/p>\n<p class=\"ng-star-inserted\"><span class=\"ng-star-inserted\">\ud83c\udfc6\u00a0<\/span><strong class=\"ng-star-inserted\"><span class=\"ng-star-inserted\">1\u00ba lugar em:<\/span><\/strong><\/p>\n<ul class=\"ng-star-inserted\">\n<li class=\"ng-star-inserted\">\n<p class=\"ng-star-inserted\"><span class=\"ng-star-inserted\">Diretoria Destaque<\/span><\/p>\n<\/li>\n<li class=\"ng-star-inserted\">\n<p class=\"ng-star-inserted\"><span class=\"ng-star-inserted\">Associa\u00e7\u00e3o Refer\u00eancia \u2013 Servi\u00e7os e Solu\u00e7\u00f5es<\/span><\/p>\n<\/li>\n<li class=\"ng-star-inserted\">\n<p class=\"ng-star-inserted\"><strong class=\"ng-star-inserted\"><span class=\"ng-star-inserted\">Associa\u00e7\u00e3o Refer\u00eancia \u2013 Desenvolvimento Local<\/span><\/strong><\/p>\n<\/li>\n<\/ul>\n<p class=\"ng-star-inserted\"><span class=\"ng-star-inserted\">\ud83e\udd48\u00a0<\/span><strong class=\"ng-star-inserted\"><span class=\"ng-star-inserted\">2\u00ba lugar em:<\/span><\/strong><\/p>\n<ul class=\"ng-star-inserted\">\n<li class=\"ng-star-inserted\">\n<p class=\"ng-star-inserted\"><span class=\"ng-star-inserted\">Apoiador Destaque \u2013 Sheila Rios<\/span><\/p>\n<\/li>\n<li class=\"ng-star-inserted\">\n<p class=\"ng-star-inserted\"><span class=\"ng-star-inserted\">Responsabilidade Socioambiental<\/span><\/p>\n<\/li>\n<li class=\"ng-star-inserted\">\n<p class=\"ng-star-inserted\"><span class=\"ng-star-inserted\">Associa\u00e7\u00e3o Refer\u00eancia do Capacitar<\/span><\/p>\n<\/li>\n<\/ul>\n<p class=\"ng-star-inserted\"><span class=\"ng-star-inserted\">Al\u00e9m disso, conquistamos a\u00a0<\/span><strong class=\"ng-star-inserted\"><span class=\"ng-star-inserted\">Certifica\u00e7\u00e3o Bronze<\/span><\/strong><span class=\"ng-star-inserted\">\u00a0do IDO, que atesta nossa excel\u00eancia e governan\u00e7a.<\/span><\/p>\n<p class=\"ng-star-inserted\"><span class=\"ng-star-inserted\">\ud83d\udcca\u00a0<\/span><strong class=\"ng-star-inserted\"><span class=\"ng-star-inserted\">Contexto Geral do Capacitar 2025:<\/span><\/strong><span class=\"ng-star-inserted\">\u00a0Apenas 5 das 16 cidades participantes alcan\u00e7aram a aprova\u00e7\u00e3o na certifica\u00e7\u00e3o, e a ACIASB se destacou entre elas.<\/span><\/p>\n<p class=\"ng-star-inserted\"><span class=\"ng-star-inserted\">Seguimos firmes na miss\u00e3o de fortalecer a representatividade empresarial e inspirar o desenvolvimento de nossa regi\u00e3o. Cada conquista \u00e9 fruto de uni\u00e3o, dedica\u00e7\u00e3o e prop\u00f3sito. \ud83d\udc99\u2728<\/span><img fetchpriority=\"high\" decoding=\"async\" class=\"alignnone size-large wp-image-9061\" src=\"https:\/\/aciasb.com.br\/site\/wp-content\/uploads\/2026\/02\/WhatsApp-Image-2026-02-24-at-19.16.16-1-768x1024.jpeg\" alt=\"\" width=\"768\" height=\"1024\" srcset=\"https:\/\/aciasb.com.br\/site\/wp-content\/uploads\/2026\/02\/WhatsApp-Image-2026-02-24-at-19.16.16-1-768x1024.jpeg 768w, https:\/\/aciasb.com.br\/site\/wp-content\/uploads\/2026\/02\/WhatsApp-Image-2026-02-24-at-19.16.16-1-225x300.jpeg 225w, https:\/\/aciasb.com.br\/site\/wp-content\/uploads\/2026\/02\/WhatsApp-Image-2026-02-24-at-19.16.16-1-150x200.jpeg 150w, https:\/\/aciasb.com.br\/site\/wp-content\/uploads\/2026\/02\/WhatsApp-Image-2026-02-24-at-19.16.16-1-450x600.jpeg 450w, https:\/\/aciasb.com.br\/site\/wp-content\/uploads\/2026\/02\/WhatsApp-Image-2026-02-24-at-19.16.16-1.jpeg 960w\" sizes=\"(max-width: 768px) 100vw, 768px\" \/> <img decoding=\"async\" class=\"alignnone size-large wp-image-9062\" src=\"https:\/\/aciasb.com.br\/site\/wp-content\/uploads\/2026\/02\/WhatsApp-Image-2026-02-24-at-19.16.16-768x1024.jpeg\" alt=\"\" width=\"768\" height=\"1024\" srcset=\"https:\/\/aciasb.com.br\/site\/wp-content\/uploads\/2026\/02\/WhatsApp-Image-2026-02-24-at-19.16.16-768x1024.jpeg 768w, https:\/\/aciasb.com.br\/site\/wp-content\/uploads\/2026\/02\/WhatsApp-Image-2026-02-24-at-19.16.16-225x300.jpeg 225w, https:\/\/aciasb.com.br\/site\/wp-content\/uploads\/2026\/02\/WhatsApp-Image-2026-02-24-at-19.16.16-150x200.jpeg 150w, https:\/\/aciasb.com.br\/site\/wp-content\/uploads\/2026\/02\/WhatsApp-Image-2026-02-24-at-19.16.16-450x600.jpeg 450w, https:\/\/aciasb.com.br\/site\/wp-content\/uploads\/2026\/02\/WhatsApp-Image-2026-02-24-at-19.16.16.jpeg 960w\" sizes=\"(max-width: 768px) 100vw, 768px\" \/> <img decoding=\"async\" class=\"alignnone size-large wp-image-9063\" src=\"https:\/\/aciasb.com.br\/site\/wp-content\/uploads\/2026\/02\/WhatsApp-Image-2026-02-24-at-19.16.15-1-768x1024.jpeg\" alt=\"\" width=\"768\" height=\"1024\" srcset=\"https:\/\/aciasb.com.br\/site\/wp-content\/uploads\/2026\/02\/WhatsApp-Image-2026-02-24-at-19.16.15-1-768x1024.jpeg 768w, https:\/\/aciasb.com.br\/site\/wp-content\/uploads\/2026\/02\/WhatsApp-Image-2026-02-24-at-19.16.15-1-225x300.jpeg 225w, https:\/\/aciasb.com.br\/site\/wp-content\/uploads\/2026\/02\/WhatsApp-Image-2026-02-24-at-19.16.15-1-150x200.jpeg 150w, https:\/\/aciasb.com.br\/site\/wp-content\/uploads\/2026\/02\/WhatsApp-Image-2026-02-24-at-19.16.15-1-450x600.jpeg 450w, https:\/\/aciasb.com.br\/site\/wp-content\/uploads\/2026\/02\/WhatsApp-Image-2026-02-24-at-19.16.15-1.jpeg 960w\" sizes=\"(max-width: 768px) 100vw, 768px\" \/><\/p>\n","protected":false},"excerpt":{"rendered":"<p>\ud83c\udf99\ufe0f\u00a0ACIASB na M\u00eddia!\u00a0Dando continuidade \u00e0 divulga\u00e7\u00e3o das nossas conquistas, nossa diretoria marcou presen\u00e7a na\u00a0R\u00e1dio Rainha FM\u00a0nesta ter\u00e7a-feira, 24\/02, em um bate-papo especial com Neto Maravilha e Cosme. No ar, estiveram nosso Presidente\u00a0Fernando Henrique, a Vice-presidente\u00a0Regivan Gomes, o Diretor de Projetos\u00a0Dr. Marinho, e a Diretora de Rela\u00e7\u00f5es P\u00fablicas\u00a0Ana Cl\u00e1udia Matos. A conversa celebrou os resultados incr\u00edveis<\/p>\n","protected":false},"author":4,"featured_media":9064,"comment_status":"open","ping_status":"open","sticky":false,"template":"","format":"standard","meta":{"footnotes":""},"categories":[1],"tags":[],"class_list":{"0":"post-9060","1":"post","2":"type-post","3":"status-publish","4":"format-standard","5":"has-post-thumbnail","7":"category-postagens"},"views":60,"_links":{"self":[{"href":"https:\/\/aciasb.com.br\/site\/wp-json\/wp\/v2\/posts\/9060","targetHints":{"allow":["GET"]}}],"collection":[{"href":"https:\/\/aciasb.com.br\/site\/wp-json\/wp\/v2\/posts"}],"about":[{"href":"https:\/\/aciasb.com.br\/site\/wp-json\/wp\/v2\/types\/post"}],"author":[{"embeddable":true,"href":"https:\/\/aciasb.com.br\/site\/wp-json\/wp\/v2\/users\/4"}],"replies":[{"embeddable":true,"href":"https:\/\/aciasb.com.br\/site\/wp-json\/wp\/v2\/comments?post=9060"}],"version-history":[{"count":1,"href":"https:\/\/aciasb.com.br\/site\/wp-json\/wp\/v2\/posts\/9060\/revisions"}],"predecessor-version":[{"id":9065,"href":"https:\/\/aciasb.com.br\/site\/wp-json\/wp\/v2\/posts\/9060\/revisions\/9065"}],"wp:featuredmedia":[{"embeddable":true,"href":"https:\/\/aciasb.com.br\/site\/wp-json\/wp\/v2\/media\/9064"}],"wp:attachment":[{"href":"https:\/\/aciasb.com.br\/site\/wp-json\/wp\/v2\/media?parent=9060"}],"wp:term":[{"taxonomy":"category","embeddable":true,"href":"https:\/\/aciasb.com.br\/site\/wp-json\/wp\/v2\/categories?post=9060"},{"taxonomy":"post_tag","embeddable":true,"href":"https:\/\/aciasb.com.br\/site\/wp-json\/wp\/v2\/tags?post=9060"}],"curies":[{"name":"wp","href":"https:\/\/api.w.org\/{rel}","templated":true}]}}