{"id":9055,"date":"2026-02-25T15:39:17","date_gmt":"2026-02-25T18:39:17","guid":{"rendered":"https:\/\/aciasb.com.br\/site\/?p=9055"},"modified":"2026-02-25T15:39:17","modified_gmt":"2026-02-25T18:39:17","slug":"aciasb-na-midia-compartilhando-as-conquistas-do-projeto-capacitar","status":"publish","type":"post","link":"https:\/\/aciasb.com.br\/site\/aciasb-na-midia-compartilhando-as-conquistas-do-projeto-capacitar\/","title":{"rendered":"ACIASB na M\u00eddia: Compartilhando as Conquistas do Projeto Capacitar!"},"content":{"rendered":"<p class=\"ng-star-inserted\"><span class=\"ng-star-inserted\">\ud83c\udf99\ufe0f\u00a0<\/span><strong class=\"ng-star-inserted\"><span class=\"ng-star-inserted\">ACIASB na M\u00eddia!<\/span><\/strong><span class=\"ng-star-inserted\">\u00a0Nas \u00faltimas semanas, nossa diretoria tem marcado presen\u00e7a nas r\u00e1dios da regi\u00e3o para compartilhar os resultados extraordin\u00e1rios do Projeto Capacitar.<\/span><\/p>\n<p class=\"ng-star-inserted\"><span class=\"ng-star-inserted\">Uma dessas conversas especiais aconteceu na \u00faltima sexta-feira, 20\/02, na\u00a0<\/span><strong class=\"ng-star-inserted\"><span class=\"ng-star-inserted\">R\u00e1dio Princesa FM<\/span><\/strong><span class=\"ng-star-inserted\">, com o grande Rog\u00e9rio Alves. Representando nossa associa\u00e7\u00e3o, estiveram presentes:<\/span><\/p>\n<ul class=\"ng-star-inserted\">\n<li class=\"ng-star-inserted\">\n<p class=\"ng-star-inserted\"><strong class=\"ng-star-inserted\"><span class=\"ng-star-inserted\">Ludimilla Soares<\/span><\/strong><span class=\"ng-star-inserted\">\u00a0(Gerente Executiva e ex-Diretora respons\u00e1vel pelo projeto)<\/span><\/p>\n<\/li>\n<li class=\"ng-star-inserted\">\n<p class=\"ng-star-inserted\"><strong class=\"ng-star-inserted\"><span class=\"ng-star-inserted\">Dayane Markley<\/span><\/strong><span class=\"ng-star-inserted\">\u00a0(Diretora de Marketing)<\/span><\/p>\n<\/li>\n<li class=\"ng-star-inserted\">\n<p class=\"ng-star-inserted\"><strong class=\"ng-star-inserted\"><span class=\"ng-star-inserted\">Sheila Rios<\/span><\/strong><span class=\"ng-star-inserted\">\u00a0(Apoiadora Local Destaque)<\/span><\/p>\n<\/li>\n<\/ul>\n<p class=\"ng-star-inserted\"><span class=\"ng-star-inserted\">Durante o bate-papo, celebramos com orgulho o reconhecimento que o Capacitar 2025 nos trouxe, consagrando nosso trabalho em diversas categorias:<\/span><\/p>\n<p class=\"ng-star-inserted\"><span class=\"ng-star-inserted\">\ud83c\udfc6\u00a0<\/span><strong class=\"ng-star-inserted\"><span class=\"ng-star-inserted\">1\u00ba lugar em:<\/span><\/strong><\/p>\n<ul class=\"ng-star-inserted\">\n<li class=\"ng-star-inserted\">\n<p class=\"ng-star-inserted\"><span class=\"ng-star-inserted\">Diretoria Destaque<\/span><\/p>\n<\/li>\n<li class=\"ng-star-inserted\">\n<p class=\"ng-star-inserted\"><span class=\"ng-star-inserted\">Associa\u00e7\u00e3o Refer\u00eancia \u2013 Servi\u00e7os e Solu\u00e7\u00f5es<\/span><\/p>\n<\/li>\n<li class=\"ng-star-inserted\">\n<p class=\"ng-star-inserted\"><span class=\"ng-star-inserted\">Associa\u00e7\u00e3o Refer\u00eancia \u2013 Desenvolvimento Local<\/span><\/p>\n<\/li>\n<\/ul>\n<p class=\"ng-star-inserted\"><span class=\"ng-star-inserted\">\ud83e\udd48\u00a0<\/span><strong class=\"ng-star-inserted\"><span class=\"ng-star-inserted\">2\u00ba lugar em:<\/span><\/strong><\/p>\n<ul class=\"ng-star-inserted\">\n<li class=\"ng-star-inserted\">\n<p class=\"ng-star-inserted\"><strong class=\"ng-star-inserted\"><span class=\"ng-star-inserted\">Apoiador Destaque \u2013 Sheila Rios<\/span><\/strong><span class=\"ng-star-inserted\">\u00a0(Parab\u00e9ns, Sheila!)<\/span><\/p>\n<\/li>\n<li class=\"ng-star-inserted\">\n<p class=\"ng-star-inserted\"><span class=\"ng-star-inserted\">Responsabilidade Socioambiental<\/span><\/p>\n<\/li>\n<li class=\"ng-star-inserted\">\n<p class=\"ng-star-inserted\"><span class=\"ng-star-inserted\">Associa\u00e7\u00e3o Refer\u00eancia do Capacitar<\/span><\/p>\n<\/li>\n<\/ul>\n<p class=\"ng-star-inserted\"><span class=\"ng-star-inserted\">Al\u00e9m disso, fomos agraciados com a\u00a0<\/span><strong class=\"ng-star-inserted\"><span class=\"ng-star-inserted\">Certifica\u00e7\u00e3o Bronze<\/span><\/strong><span class=\"ng-star-inserted\">\u00a0pelo Instituto de Desenvolvimento de Organiza\u00e7\u00f5es (IDO), um selo que atesta nossa governan\u00e7a e compromisso com a excel\u00eancia.<\/span><\/p>\n<p class=\"ng-star-inserted\"><span class=\"ng-star-inserted\">\ud83d\udcca\u00a0<\/span><strong class=\"ng-star-inserted\"><span class=\"ng-star-inserted\">Contexto Geral do Capacitar 2025:<\/span><\/strong><span class=\"ng-star-inserted\">\u00a0Das 16 cidades participantes, apenas 5 alcan\u00e7aram a aprova\u00e7\u00e3o na certifica\u00e7\u00e3o, e a ACIASB se destacou entre elas.<\/span><\/p>\n<p class=\"ng-star-inserted\"><span class=\"ng-star-inserted\">Seguimos firmes na miss\u00e3o de fortalecer a representatividade empresarial e inspirar o desenvolvimento econ\u00f4mico local. Cada conquista \u00e9 fruto de uni\u00e3o, dedica\u00e7\u00e3o e prop\u00f3sito. \ud83d\udc99\u2728<\/span><\/p>\n<p><img fetchpriority=\"high\" decoding=\"async\" class=\"alignnone size-large wp-image-9057\" src=\"https:\/\/aciasb.com.br\/site\/wp-content\/uploads\/2026\/02\/8-819x1024.jpg\" alt=\"\" width=\"788\" height=\"985\" srcset=\"https:\/\/aciasb.com.br\/site\/wp-content\/uploads\/2026\/02\/8-819x1024.jpg 819w, https:\/\/aciasb.com.br\/site\/wp-content\/uploads\/2026\/02\/8-240x300.jpg 240w, https:\/\/aciasb.com.br\/site\/wp-content\/uploads\/2026\/02\/8-768x960.jpg 768w, https:\/\/aciasb.com.br\/site\/wp-content\/uploads\/2026\/02\/8-150x188.jpg 150w, https:\/\/aciasb.com.br\/site\/wp-content\/uploads\/2026\/02\/8-450x563.jpg 450w, https:\/\/aciasb.com.br\/site\/wp-content\/uploads\/2026\/02\/8.jpg 1080w\" sizes=\"(max-width: 788px) 100vw, 788px\" \/><\/p>\n<hr class=\"ng-star-inserted\" \/>\n","protected":false},"excerpt":{"rendered":"<p>\ud83c\udf99\ufe0f\u00a0ACIASB na M\u00eddia!\u00a0Nas \u00faltimas semanas, nossa diretoria tem marcado presen\u00e7a nas r\u00e1dios da regi\u00e3o para compartilhar os resultados extraordin\u00e1rios do Projeto Capacitar. Uma dessas conversas especiais aconteceu na \u00faltima sexta-feira, 20\/02, na\u00a0R\u00e1dio Princesa FM, com o grande Rog\u00e9rio Alves. Representando nossa associa\u00e7\u00e3o, estiveram presentes: Ludimilla Soares\u00a0(Gerente Executiva e ex-Diretora respons\u00e1vel pelo projeto) Dayane Markley\u00a0(Diretora de<\/p>\n","protected":false},"author":4,"featured_media":9058,"comment_status":"open","ping_status":"open","sticky":false,"template":"","format":"standard","meta":{"footnotes":""},"categories":[1],"tags":[],"class_list":{"0":"post-9055","1":"post","2":"type-post","3":"status-publish","4":"format-standard","5":"has-post-thumbnail","7":"category-postagens"},"views":46,"_links":{"self":[{"href":"https:\/\/aciasb.com.br\/site\/wp-json\/wp\/v2\/posts\/9055","targetHints":{"allow":["GET"]}}],"collection":[{"href":"https:\/\/aciasb.com.br\/site\/wp-json\/wp\/v2\/posts"}],"about":[{"href":"https:\/\/aciasb.com.br\/site\/wp-json\/wp\/v2\/types\/post"}],"author":[{"embeddable":true,"href":"https:\/\/aciasb.com.br\/site\/wp-json\/wp\/v2\/users\/4"}],"replies":[{"embeddable":true,"href":"https:\/\/aciasb.com.br\/site\/wp-json\/wp\/v2\/comments?post=9055"}],"version-history":[{"count":1,"href":"https:\/\/aciasb.com.br\/site\/wp-json\/wp\/v2\/posts\/9055\/revisions"}],"predecessor-version":[{"id":9059,"href":"https:\/\/aciasb.com.br\/site\/wp-json\/wp\/v2\/posts\/9055\/revisions\/9059"}],"wp:featuredmedia":[{"embeddable":true,"href":"https:\/\/aciasb.com.br\/site\/wp-json\/wp\/v2\/media\/9058"}],"wp:attachment":[{"href":"https:\/\/aciasb.com.br\/site\/wp-json\/wp\/v2\/media?parent=9055"}],"wp:term":[{"taxonomy":"category","embeddable":true,"href":"https:\/\/aciasb.com.br\/site\/wp-json\/wp\/v2\/categories?post=9055"},{"taxonomy":"post_tag","embeddable":true,"href":"https:\/\/aciasb.com.br\/site\/wp-json\/wp\/v2\/tags?post=9055"}],"curies":[{"name":"wp","href":"https:\/\/api.w.org\/{rel}","templated":true}]}}