{"id":8908,"date":"2025-11-13T17:18:21","date_gmt":"2025-11-13T20:18:21","guid":{"rendered":"https:\/\/aciasb.com.br\/site\/?p=8908"},"modified":"2025-11-13T17:18:21","modified_gmt":"2025-11-13T20:18:21","slug":"aciasb-avanca-em-articulacoes-para-o-desenvolvimento-regional-durante-a-ferbon","status":"publish","type":"post","link":"https:\/\/aciasb.com.br\/site\/aciasb-avanca-em-articulacoes-para-o-desenvolvimento-regional-durante-a-ferbon\/","title":{"rendered":"ACIASB avan\u00e7a em articula\u00e7\u00f5es para o desenvolvimento regional durante a FERBON"},"content":{"rendered":"<p>No \u00faltimo dia da Feira Regional de Neg\u00f3cios do Piemonte Norte do Itapicuru (FERBON), a diretoria da ACIASB e o Sr. Ant\u00f4nio Cerqueira (Toinho), Secret\u00e1rio Executivo do Cons\u00f3rcio de Desenvolvimento Sustent\u00e1vel do Piemonte Norte do Itapicuru, avan\u00e7aram significativamente nas articula\u00e7\u00f5es para o desenvolvimento regional.<\/p>\n<p>Na ocasi\u00e3o, estiveram presentes o presidente da ACIASB, Fernando Henrique, o prefeito La\u00e9rcio J\u00fanior, Fernanda S\u00e1 Teles, a superintendente de Pol\u00edticas do Agroneg\u00f3cio da SEAGRI, e outras autoridades.<\/p>\n<p>O projeto foi formalmente apresentado ao Chefe de Gabinete do Ministro da Casa Civil, Marcelo Costa, com a solicita\u00e7\u00e3o de entrega direta ao Ministro Rui Costa, visando a articula\u00e7\u00e3o de uma agenda em Bras\u00edlia com as lideran\u00e7as das entidades envolvidas.<\/p>\n<p>A ACIASB reafirma seu compromisso com o desenvolvimento socioecon\u00f4mico do munic\u00edpio e da regi\u00e3o, promovendo o di\u00e1logo apartid\u00e1rio, a constru\u00e7\u00e3o de parcerias estrat\u00e9gicas e o avan\u00e7o de projetos que transformem a vida do bonfinense e impulsionem o crescimento do Piemonte Norte do Itapicuru.<\/p>\n<p><img fetchpriority=\"high\" decoding=\"async\" class=\"alignnone size-large wp-image-8909\" src=\"https:\/\/aciasb.com.br\/site\/wp-content\/uploads\/2025\/11\/IMG_2795-768x1024.jpeg\" alt=\"\" width=\"768\" height=\"1024\" srcset=\"https:\/\/aciasb.com.br\/site\/wp-content\/uploads\/2025\/11\/IMG_2795-768x1024.jpeg 768w, https:\/\/aciasb.com.br\/site\/wp-content\/uploads\/2025\/11\/IMG_2795-225x300.jpeg 225w, https:\/\/aciasb.com.br\/site\/wp-content\/uploads\/2025\/11\/IMG_2795-1152x1536.jpeg 1152w, https:\/\/aciasb.com.br\/site\/wp-content\/uploads\/2025\/11\/IMG_2795-1536x2048.jpeg 1536w, https:\/\/aciasb.com.br\/site\/wp-content\/uploads\/2025\/11\/IMG_2795-150x200.jpeg 150w, https:\/\/aciasb.com.br\/site\/wp-content\/uploads\/2025\/11\/IMG_2795-450x600.jpeg 450w, https:\/\/aciasb.com.br\/site\/wp-content\/uploads\/2025\/11\/IMG_2795-1200x1600.jpeg 1200w, https:\/\/aciasb.com.br\/site\/wp-content\/uploads\/2025\/11\/IMG_2795-scaled.jpeg 1920w\" sizes=\"(max-width: 768px) 100vw, 768px\" \/> <img decoding=\"async\" class=\"alignnone size-large wp-image-8910\" src=\"https:\/\/aciasb.com.br\/site\/wp-content\/uploads\/2025\/11\/IMG_2796-768x1024.jpeg\" alt=\"\" width=\"768\" height=\"1024\" srcset=\"https:\/\/aciasb.com.br\/site\/wp-content\/uploads\/2025\/11\/IMG_2796-768x1024.jpeg 768w, https:\/\/aciasb.com.br\/site\/wp-content\/uploads\/2025\/11\/IMG_2796-225x300.jpeg 225w, https:\/\/aciasb.com.br\/site\/wp-content\/uploads\/2025\/11\/IMG_2796-1152x1536.jpeg 1152w, https:\/\/aciasb.com.br\/site\/wp-content\/uploads\/2025\/11\/IMG_2796-1536x2048.jpeg 1536w, https:\/\/aciasb.com.br\/site\/wp-content\/uploads\/2025\/11\/IMG_2796-150x200.jpeg 150w, https:\/\/aciasb.com.br\/site\/wp-content\/uploads\/2025\/11\/IMG_2796-450x600.jpeg 450w, https:\/\/aciasb.com.br\/site\/wp-content\/uploads\/2025\/11\/IMG_2796-1200x1600.jpeg 1200w, https:\/\/aciasb.com.br\/site\/wp-content\/uploads\/2025\/11\/IMG_2796-scaled.jpeg 1920w\" sizes=\"(max-width: 768px) 100vw, 768px\" \/><\/p>\n","protected":false},"excerpt":{"rendered":"<p>No \u00faltimo dia da Feira Regional de Neg\u00f3cios do Piemonte Norte do Itapicuru (FERBON), a diretoria da ACIASB e o Sr. Ant\u00f4nio Cerqueira (Toinho), Secret\u00e1rio Executivo do Cons\u00f3rcio de Desenvolvimento Sustent\u00e1vel do Piemonte Norte do Itapicuru, avan\u00e7aram significativamente nas articula\u00e7\u00f5es para o desenvolvimento regional. Na ocasi\u00e3o, estiveram presentes o presidente da ACIASB, Fernando Henrique, o<\/p>\n","protected":false},"author":4,"featured_media":8911,"comment_status":"open","ping_status":"open","sticky":false,"template":"","format":"standard","meta":{"footnotes":""},"categories":[1],"tags":[],"class_list":{"0":"post-8908","1":"post","2":"type-post","3":"status-publish","4":"format-standard","5":"has-post-thumbnail","7":"category-postagens"},"views":140,"_links":{"self":[{"href":"https:\/\/aciasb.com.br\/site\/wp-json\/wp\/v2\/posts\/8908","targetHints":{"allow":["GET"]}}],"collection":[{"href":"https:\/\/aciasb.com.br\/site\/wp-json\/wp\/v2\/posts"}],"about":[{"href":"https:\/\/aciasb.com.br\/site\/wp-json\/wp\/v2\/types\/post"}],"author":[{"embeddable":true,"href":"https:\/\/aciasb.com.br\/site\/wp-json\/wp\/v2\/users\/4"}],"replies":[{"embeddable":true,"href":"https:\/\/aciasb.com.br\/site\/wp-json\/wp\/v2\/comments?post=8908"}],"version-history":[{"count":1,"href":"https:\/\/aciasb.com.br\/site\/wp-json\/wp\/v2\/posts\/8908\/revisions"}],"predecessor-version":[{"id":8912,"href":"https:\/\/aciasb.com.br\/site\/wp-json\/wp\/v2\/posts\/8908\/revisions\/8912"}],"wp:featuredmedia":[{"embeddable":true,"href":"https:\/\/aciasb.com.br\/site\/wp-json\/wp\/v2\/media\/8911"}],"wp:attachment":[{"href":"https:\/\/aciasb.com.br\/site\/wp-json\/wp\/v2\/media?parent=8908"}],"wp:term":[{"taxonomy":"category","embeddable":true,"href":"https:\/\/aciasb.com.br\/site\/wp-json\/wp\/v2\/categories?post=8908"},{"taxonomy":"post_tag","embeddable":true,"href":"https:\/\/aciasb.com.br\/site\/wp-json\/wp\/v2\/tags?post=8908"}],"curies":[{"name":"wp","href":"https:\/\/api.w.org\/{rel}","templated":true}]}}