{"id":8873,"date":"2025-10-23T15:06:20","date_gmt":"2025-10-23T18:06:20","guid":{"rendered":"https:\/\/aciasb.com.br\/site\/?p=8873"},"modified":"2025-10-23T15:06:20","modified_gmt":"2025-10-23T18:06:20","slug":"cmec-entrega-projeto-de-lei-a-camara-para-instituir-o-dia-da-autoestima-feminina-em-senhor-do-bonfim","status":"publish","type":"post","link":"https:\/\/aciasb.com.br\/site\/cmec-entrega-projeto-de-lei-a-camara-para-instituir-o-dia-da-autoestima-feminina-em-senhor-do-bonfim\/","title":{"rendered":"CMEC entrega projeto de lei \u00e0 C\u00e2mara para instituir o \u201cDia da Autoestima Feminina\u201d em Senhor do Bonfim"},"content":{"rendered":"<p data-start=\"151\" data-end=\"467\">\ud83d\udc9c <strong data-start=\"154\" data-end=\"187\">CMEC na C\u00e2mara de Vereadores!<\/strong><br data-start=\"187\" data-end=\"190\" \/>Nesta quinta-feira, a diretoria do <strong data-start=\"225\" data-end=\"291\">CMEC \u2013 Conselho da Mulher Empreendedora e da Cultura da ACIASB<\/strong> esteve na <strong data-start=\"302\" data-end=\"346\">C\u00e2mara de Vereadores de Senhor do Bonfim<\/strong> para <strong data-start=\"352\" data-end=\"425\">entregar o projeto de lei que institui o \u201cDia da Autoestima Feminina\u201d<\/strong>, a ser celebrado em <strong data-start=\"446\" data-end=\"464\">21 de setembro<\/strong>.<\/p>\n<p data-start=\"469\" data-end=\"738\">O encontro contou com a recep\u00e7\u00e3o do presidente da C\u00e2mara, <strong data-start=\"527\" data-end=\"541\">Ary Urbano<\/strong>, e refor\u00e7ou a <strong data-start=\"556\" data-end=\"638\">parceria para a cria\u00e7\u00e3o de pol\u00edticas p\u00fablicas voltadas \u00e0 valoriza\u00e7\u00e3o da mulher<\/strong>, promovendo <strong data-start=\"651\" data-end=\"711\">fortalecimento emocional, social e a autoestima feminina<\/strong> em nosso munic\u00edpio. \ud83d\udcaa\ud83d\udc9c<\/p>\n<p data-start=\"469\" data-end=\"738\"><img fetchpriority=\"high\" decoding=\"async\" class=\"alignnone size-large wp-image-8874\" src=\"https:\/\/aciasb.com.br\/site\/wp-content\/uploads\/2025\/10\/37-819x1024.jpg\" alt=\"\" width=\"788\" height=\"985\" srcset=\"https:\/\/aciasb.com.br\/site\/wp-content\/uploads\/2025\/10\/37-819x1024.jpg 819w, https:\/\/aciasb.com.br\/site\/wp-content\/uploads\/2025\/10\/37-240x300.jpg 240w, https:\/\/aciasb.com.br\/site\/wp-content\/uploads\/2025\/10\/37-768x960.jpg 768w, https:\/\/aciasb.com.br\/site\/wp-content\/uploads\/2025\/10\/37-150x188.jpg 150w, https:\/\/aciasb.com.br\/site\/wp-content\/uploads\/2025\/10\/37-450x563.jpg 450w, https:\/\/aciasb.com.br\/site\/wp-content\/uploads\/2025\/10\/37.jpg 1080w\" sizes=\"(max-width: 788px) 100vw, 788px\" \/><\/p>\n","protected":false},"excerpt":{"rendered":"<p>\ud83d\udc9c CMEC na C\u00e2mara de Vereadores!Nesta quinta-feira, a diretoria do CMEC \u2013 Conselho da Mulher Empreendedora e da Cultura da ACIASB esteve na C\u00e2mara de Vereadores de Senhor do Bonfim para entregar o projeto de lei que institui o \u201cDia da Autoestima Feminina\u201d, a ser celebrado em 21 de setembro. O encontro contou com a<\/p>\n","protected":false},"author":4,"featured_media":8875,"comment_status":"open","ping_status":"open","sticky":false,"template":"","format":"standard","meta":{"footnotes":""},"categories":[1],"tags":[],"class_list":{"0":"post-8873","1":"post","2":"type-post","3":"status-publish","4":"format-standard","5":"has-post-thumbnail","7":"category-postagens"},"views":203,"_links":{"self":[{"href":"https:\/\/aciasb.com.br\/site\/wp-json\/wp\/v2\/posts\/8873","targetHints":{"allow":["GET"]}}],"collection":[{"href":"https:\/\/aciasb.com.br\/site\/wp-json\/wp\/v2\/posts"}],"about":[{"href":"https:\/\/aciasb.com.br\/site\/wp-json\/wp\/v2\/types\/post"}],"author":[{"embeddable":true,"href":"https:\/\/aciasb.com.br\/site\/wp-json\/wp\/v2\/users\/4"}],"replies":[{"embeddable":true,"href":"https:\/\/aciasb.com.br\/site\/wp-json\/wp\/v2\/comments?post=8873"}],"version-history":[{"count":1,"href":"https:\/\/aciasb.com.br\/site\/wp-json\/wp\/v2\/posts\/8873\/revisions"}],"predecessor-version":[{"id":8876,"href":"https:\/\/aciasb.com.br\/site\/wp-json\/wp\/v2\/posts\/8873\/revisions\/8876"}],"wp:featuredmedia":[{"embeddable":true,"href":"https:\/\/aciasb.com.br\/site\/wp-json\/wp\/v2\/media\/8875"}],"wp:attachment":[{"href":"https:\/\/aciasb.com.br\/site\/wp-json\/wp\/v2\/media?parent=8873"}],"wp:term":[{"taxonomy":"category","embeddable":true,"href":"https:\/\/aciasb.com.br\/site\/wp-json\/wp\/v2\/categories?post=8873"},{"taxonomy":"post_tag","embeddable":true,"href":"https:\/\/aciasb.com.br\/site\/wp-json\/wp\/v2\/tags?post=8873"}],"curies":[{"name":"wp","href":"https:\/\/api.w.org\/{rel}","templated":true}]}}