{"id":8809,"date":"2025-09-08T14:33:02","date_gmt":"2025-09-08T17:33:02","guid":{"rendered":"https:\/\/aciasb.com.br\/site\/?p=8809"},"modified":"2025-09-08T14:33:02","modified_gmt":"2025-09-08T17:33:02","slug":"aciasb-marca-presenca-em-encontro-estadual-das-aces-na-bahia","status":"publish","type":"post","link":"https:\/\/aciasb.com.br\/site\/aciasb-marca-presenca-em-encontro-estadual-das-aces-na-bahia\/","title":{"rendered":"ACIASB marca presen\u00e7a em encontro estadual das ACEs na Bahia"},"content":{"rendered":"<p data-start=\"214\" data-end=\"466\">A vice-presidente da ACIASB, <strong data-start=\"245\" data-end=\"262\">Regivan Gomes<\/strong>, e a diretora <strong data-start=\"277\" data-end=\"295\">Ludmila Soares<\/strong> participaram nesta segunda-feira (08\/09) da <strong data-start=\"340\" data-end=\"396\">Reuni\u00e3o de Presidentes e Diretores das ACEs da Bahia<\/strong>, realizada na <strong data-start=\"411\" data-end=\"463\">Associa\u00e7\u00e3o Comercial de Feira de Santana (ACEFS)<\/strong>.<\/p>\n<p data-start=\"468\" data-end=\"718\">O encontro, promovido pela <strong data-start=\"495\" data-end=\"504\">FACEB<\/strong>, reuniu lideran\u00e7as empresariais para debater temas estrat\u00e9gicos, como novas parcerias, conv\u00eanios e programas voltados ao fortalecimento das associa\u00e7\u00f5es comerciais e ao desenvolvimento dos empreendedores baianos.<\/p>\n<p data-start=\"720\" data-end=\"895\">A presen\u00e7a da ACIASB reafirma nosso compromisso em buscar oportunidades, conhecimento e solu\u00e7\u00f5es que beneficiem nossos associados e impulsionem o crescimento da regi\u00e3o.<img fetchpriority=\"high\" decoding=\"async\" class=\"alignnone size-large wp-image-8810\" src=\"https:\/\/aciasb.com.br\/site\/wp-content\/uploads\/2025\/09\/4-819x1024.jpg\" alt=\"\" width=\"788\" height=\"985\" srcset=\"https:\/\/aciasb.com.br\/site\/wp-content\/uploads\/2025\/09\/4-819x1024.jpg 819w, https:\/\/aciasb.com.br\/site\/wp-content\/uploads\/2025\/09\/4-240x300.jpg 240w, https:\/\/aciasb.com.br\/site\/wp-content\/uploads\/2025\/09\/4-768x960.jpg 768w, https:\/\/aciasb.com.br\/site\/wp-content\/uploads\/2025\/09\/4-150x188.jpg 150w, https:\/\/aciasb.com.br\/site\/wp-content\/uploads\/2025\/09\/4-450x563.jpg 450w, https:\/\/aciasb.com.br\/site\/wp-content\/uploads\/2025\/09\/4.jpg 1080w\" sizes=\"(max-width: 788px) 100vw, 788px\" \/><\/p>\n","protected":false},"excerpt":{"rendered":"<p>A vice-presidente da ACIASB, Regivan Gomes, e a diretora Ludmila Soares participaram nesta segunda-feira (08\/09) da Reuni\u00e3o de Presidentes e Diretores das ACEs da Bahia, realizada na Associa\u00e7\u00e3o Comercial de Feira de Santana (ACEFS). O encontro, promovido pela FACEB, reuniu lideran\u00e7as empresariais para debater temas estrat\u00e9gicos, como novas parcerias, conv\u00eanios e programas voltados ao fortalecimento<\/p>\n","protected":false},"author":4,"featured_media":8811,"comment_status":"open","ping_status":"open","sticky":false,"template":"","format":"standard","meta":{"footnotes":""},"categories":[1],"tags":[],"class_list":{"0":"post-8809","1":"post","2":"type-post","3":"status-publish","4":"format-standard","5":"has-post-thumbnail","7":"category-postagens"},"views":178,"_links":{"self":[{"href":"https:\/\/aciasb.com.br\/site\/wp-json\/wp\/v2\/posts\/8809","targetHints":{"allow":["GET"]}}],"collection":[{"href":"https:\/\/aciasb.com.br\/site\/wp-json\/wp\/v2\/posts"}],"about":[{"href":"https:\/\/aciasb.com.br\/site\/wp-json\/wp\/v2\/types\/post"}],"author":[{"embeddable":true,"href":"https:\/\/aciasb.com.br\/site\/wp-json\/wp\/v2\/users\/4"}],"replies":[{"embeddable":true,"href":"https:\/\/aciasb.com.br\/site\/wp-json\/wp\/v2\/comments?post=8809"}],"version-history":[{"count":1,"href":"https:\/\/aciasb.com.br\/site\/wp-json\/wp\/v2\/posts\/8809\/revisions"}],"predecessor-version":[{"id":8812,"href":"https:\/\/aciasb.com.br\/site\/wp-json\/wp\/v2\/posts\/8809\/revisions\/8812"}],"wp:featuredmedia":[{"embeddable":true,"href":"https:\/\/aciasb.com.br\/site\/wp-json\/wp\/v2\/media\/8811"}],"wp:attachment":[{"href":"https:\/\/aciasb.com.br\/site\/wp-json\/wp\/v2\/media?parent=8809"}],"wp:term":[{"taxonomy":"category","embeddable":true,"href":"https:\/\/aciasb.com.br\/site\/wp-json\/wp\/v2\/categories?post=8809"},{"taxonomy":"post_tag","embeddable":true,"href":"https:\/\/aciasb.com.br\/site\/wp-json\/wp\/v2\/tags?post=8809"}],"curies":[{"name":"wp","href":"https:\/\/api.w.org\/{rel}","templated":true}]}}