{"id":8803,"date":"2025-09-05T11:48:44","date_gmt":"2025-09-05T14:48:44","guid":{"rendered":"https:\/\/aciasb.com.br\/site\/?p=8803"},"modified":"2025-09-05T11:48:44","modified_gmt":"2025-09-05T14:48:44","slug":"aciasb-e-tv-sao-francisco-alinham-parceria-para-divulgacao-da-ferbon-feira-regional-de-negocios","status":"publish","type":"post","link":"https:\/\/aciasb.com.br\/site\/aciasb-e-tv-sao-francisco-alinham-parceria-para-divulgacao-da-ferbon-feira-regional-de-negocios\/","title":{"rendered":"ACIASB e TV S\u00e3o Francisco alinham parceria para divulga\u00e7\u00e3o da FERBON \u2013 Feira Regional de Neg\u00f3cios"},"content":{"rendered":"<p>A diretoria da <strong data-start=\"135\" data-end=\"145\">ACIASB<\/strong> esteve reunida com a equipe da <strong data-start=\"177\" data-end=\"197\">TV S\u00e3o Francisco<\/strong> para alinhar a divulga\u00e7\u00e3o da <strong data-start=\"227\" data-end=\"297\">FERBON \u2013 Feira Regional de Neg\u00f3cios do Piemonte Norte do Itapicuru<\/strong>.<br data-start=\"298\" data-end=\"301\" \/>Mais uma parceria que fortalece a visibilidade do evento e valoriza o empreendedorismo regional!<img fetchpriority=\"high\" decoding=\"async\" class=\"alignnone size-large wp-image-8804\" src=\"https:\/\/aciasb.com.br\/site\/wp-content\/uploads\/2025\/09\/WhatsApp-Image-2025-09-03-at-10.38.21-1-1024x461.jpeg\" alt=\"\" width=\"788\" height=\"355\" srcset=\"https:\/\/aciasb.com.br\/site\/wp-content\/uploads\/2025\/09\/WhatsApp-Image-2025-09-03-at-10.38.21-1-1024x461.jpeg 1024w, https:\/\/aciasb.com.br\/site\/wp-content\/uploads\/2025\/09\/WhatsApp-Image-2025-09-03-at-10.38.21-1-300x135.jpeg 300w, https:\/\/aciasb.com.br\/site\/wp-content\/uploads\/2025\/09\/WhatsApp-Image-2025-09-03-at-10.38.21-1-768x346.jpeg 768w, https:\/\/aciasb.com.br\/site\/wp-content\/uploads\/2025\/09\/WhatsApp-Image-2025-09-03-at-10.38.21-1-150x68.jpeg 150w, https:\/\/aciasb.com.br\/site\/wp-content\/uploads\/2025\/09\/WhatsApp-Image-2025-09-03-at-10.38.21-1-450x203.jpeg 450w, https:\/\/aciasb.com.br\/site\/wp-content\/uploads\/2025\/09\/WhatsApp-Image-2025-09-03-at-10.38.21-1-1200x540.jpeg 1200w, https:\/\/aciasb.com.br\/site\/wp-content\/uploads\/2025\/09\/WhatsApp-Image-2025-09-03-at-10.38.21-1.jpeg 1280w\" sizes=\"(max-width: 788px) 100vw, 788px\" \/> <img decoding=\"async\" class=\"alignnone size-large wp-image-8805\" src=\"https:\/\/aciasb.com.br\/site\/wp-content\/uploads\/2025\/09\/WhatsApp-Image-2025-09-03-at-10.38.21-1024x461.jpeg\" alt=\"\" width=\"788\" height=\"355\" srcset=\"https:\/\/aciasb.com.br\/site\/wp-content\/uploads\/2025\/09\/WhatsApp-Image-2025-09-03-at-10.38.21-1024x461.jpeg 1024w, https:\/\/aciasb.com.br\/site\/wp-content\/uploads\/2025\/09\/WhatsApp-Image-2025-09-03-at-10.38.21-300x135.jpeg 300w, https:\/\/aciasb.com.br\/site\/wp-content\/uploads\/2025\/09\/WhatsApp-Image-2025-09-03-at-10.38.21-768x346.jpeg 768w, https:\/\/aciasb.com.br\/site\/wp-content\/uploads\/2025\/09\/WhatsApp-Image-2025-09-03-at-10.38.21-150x68.jpeg 150w, https:\/\/aciasb.com.br\/site\/wp-content\/uploads\/2025\/09\/WhatsApp-Image-2025-09-03-at-10.38.21-450x203.jpeg 450w, https:\/\/aciasb.com.br\/site\/wp-content\/uploads\/2025\/09\/WhatsApp-Image-2025-09-03-at-10.38.21-1200x540.jpeg 1200w, https:\/\/aciasb.com.br\/site\/wp-content\/uploads\/2025\/09\/WhatsApp-Image-2025-09-03-at-10.38.21.jpeg 1280w\" sizes=\"(max-width: 788px) 100vw, 788px\" \/><\/p>\n","protected":false},"excerpt":{"rendered":"<p>A diretoria da ACIASB esteve reunida com a equipe da TV S\u00e3o Francisco para alinhar a divulga\u00e7\u00e3o da FERBON \u2013 Feira Regional de Neg\u00f3cios do Piemonte Norte do Itapicuru.Mais uma parceria que fortalece a visibilidade do evento e valoriza o empreendedorismo regional!<\/p>\n","protected":false},"author":4,"featured_media":8806,"comment_status":"open","ping_status":"open","sticky":false,"template":"","format":"standard","meta":{"footnotes":""},"categories":[1],"tags":[],"class_list":{"0":"post-8803","1":"post","2":"type-post","3":"status-publish","4":"format-standard","5":"has-post-thumbnail","7":"category-postagens"},"views":180,"_links":{"self":[{"href":"https:\/\/aciasb.com.br\/site\/wp-json\/wp\/v2\/posts\/8803","targetHints":{"allow":["GET"]}}],"collection":[{"href":"https:\/\/aciasb.com.br\/site\/wp-json\/wp\/v2\/posts"}],"about":[{"href":"https:\/\/aciasb.com.br\/site\/wp-json\/wp\/v2\/types\/post"}],"author":[{"embeddable":true,"href":"https:\/\/aciasb.com.br\/site\/wp-json\/wp\/v2\/users\/4"}],"replies":[{"embeddable":true,"href":"https:\/\/aciasb.com.br\/site\/wp-json\/wp\/v2\/comments?post=8803"}],"version-history":[{"count":1,"href":"https:\/\/aciasb.com.br\/site\/wp-json\/wp\/v2\/posts\/8803\/revisions"}],"predecessor-version":[{"id":8807,"href":"https:\/\/aciasb.com.br\/site\/wp-json\/wp\/v2\/posts\/8803\/revisions\/8807"}],"wp:featuredmedia":[{"embeddable":true,"href":"https:\/\/aciasb.com.br\/site\/wp-json\/wp\/v2\/media\/8806"}],"wp:attachment":[{"href":"https:\/\/aciasb.com.br\/site\/wp-json\/wp\/v2\/media?parent=8803"}],"wp:term":[{"taxonomy":"category","embeddable":true,"href":"https:\/\/aciasb.com.br\/site\/wp-json\/wp\/v2\/categories?post=8803"},{"taxonomy":"post_tag","embeddable":true,"href":"https:\/\/aciasb.com.br\/site\/wp-json\/wp\/v2\/tags?post=8803"}],"curies":[{"name":"wp","href":"https:\/\/api.w.org\/{rel}","templated":true}]}}