{"id":8796,"date":"2025-08-28T15:49:47","date_gmt":"2025-08-28T18:49:47","guid":{"rendered":"https:\/\/aciasb.com.br\/site\/?p=8796"},"modified":"2025-08-28T15:49:47","modified_gmt":"2025-08-28T18:49:47","slug":"cafe-com-legislativo-aciasb-reforca-parcerias-e-projetos","status":"publish","type":"post","link":"https:\/\/aciasb.com.br\/site\/cafe-com-legislativo-aciasb-reforca-parcerias-e-projetos\/","title":{"rendered":"Caf\u00e9 com Legislativo: ACIASB refor\u00e7a parcerias e projetos"},"content":{"rendered":"<p>Na manh\u00e3 de ontem, 27 de agosto, a C\u00e2mara de Vereadores promoveu mais uma edi\u00e7\u00e3o do evento &#8220;Caf\u00e9 com Legislativo&#8221;, quando tamb\u00e9m aconteceu o primeiro encontro de Presidentes de C\u00e2maras Municipais e Vereadores das 09 cidades do Territ\u00f3rio do Piemonte Norte do Itapicuru e cidades convidadas, uma iniciativa do Presidente da C\u00e2mara Municipal de Senhor do Bonfim Ary Urbano. A ACIASB (Associa\u00e7\u00e3o Comercial, Industrial e Agropecu\u00e1ria de Senhor do Bonfim) marcou presen\u00e7a com boa parte de sua diretoria, destacando a import\u00e2ncia do di\u00e1logo entre o setor produtivo e o poder p\u00fablico.<\/p>\n<p>Durante o encontro, a ACIASB entregou dois of\u00edcios ao Secret\u00e1rio de Rela\u00e7\u00f5es Institucionais da Bahia, Adolpho Loyola. O primeiro documento agradeceu o apoio dos governos estadual e municipal \u00e0 FERBON (Feira Regional de Neg\u00f3cios do Piemonte Norte do Itapicuru), um evento de grande relev\u00e2ncia econ\u00f4mica para a regi\u00e3o. O segundo of\u00edcio solicitou agilidade no projeto da CEASA (Centrais de Abastecimento da Bahia), uma iniciativa que j\u00e1 avan\u00e7a e conta com o respaldo total de ambas as esferas de governo.<\/p>\n<p>O presidente da ACIASB, Fernando Henrique, e sua diretoria consideram o fortalecimento da rela\u00e7\u00e3o com a C\u00e2mara de Vereadores de extrema import\u00e2ncia para o desenvolvimento local. Estiveram presentes, al\u00e9m de Fernando Henrique, a vice-presidente Regivan Gomes, o diretor do agro Augusto Almeida, a diretora do com\u00e9rcio Ludmila, o diretor de projetos Marinho, o diretor de comunica\u00e7\u00f5es Gabriel Morais, o gerente executivo Rui Barbosa, o membro do conselho fiscal Janeildo e a diretora do CMEC<img fetchpriority=\"high\" decoding=\"async\" class=\"alignnone size-large wp-image-8797\" src=\"https:\/\/aciasb.com.br\/site\/wp-content\/uploads\/2025\/08\/99-1024x1024.jpg\" alt=\"\" width=\"788\" height=\"788\" srcset=\"https:\/\/aciasb.com.br\/site\/wp-content\/uploads\/2025\/08\/99-1024x1024.jpg 1024w, https:\/\/aciasb.com.br\/site\/wp-content\/uploads\/2025\/08\/99-300x300.jpg 300w, https:\/\/aciasb.com.br\/site\/wp-content\/uploads\/2025\/08\/99-150x150.jpg 150w, https:\/\/aciasb.com.br\/site\/wp-content\/uploads\/2025\/08\/99-768x768.jpg 768w, https:\/\/aciasb.com.br\/site\/wp-content\/uploads\/2025\/08\/99-450x450.jpg 450w, https:\/\/aciasb.com.br\/site\/wp-content\/uploads\/2025\/08\/99.jpg 1080w\" sizes=\"(max-width: 788px) 100vw, 788px\" \/> <img decoding=\"async\" class=\"alignnone size-large wp-image-8798\" src=\"https:\/\/aciasb.com.br\/site\/wp-content\/uploads\/2025\/08\/100-1024x1024.jpg\" alt=\"\" width=\"788\" height=\"788\" srcset=\"https:\/\/aciasb.com.br\/site\/wp-content\/uploads\/2025\/08\/100-1024x1024.jpg 1024w, https:\/\/aciasb.com.br\/site\/wp-content\/uploads\/2025\/08\/100-300x300.jpg 300w, https:\/\/aciasb.com.br\/site\/wp-content\/uploads\/2025\/08\/100-150x150.jpg 150w, https:\/\/aciasb.com.br\/site\/wp-content\/uploads\/2025\/08\/100-768x768.jpg 768w, https:\/\/aciasb.com.br\/site\/wp-content\/uploads\/2025\/08\/100-450x450.jpg 450w, https:\/\/aciasb.com.br\/site\/wp-content\/uploads\/2025\/08\/100.jpg 1080w\" sizes=\"(max-width: 788px) 100vw, 788px\" \/> <img decoding=\"async\" class=\"alignnone size-large wp-image-8799\" src=\"https:\/\/aciasb.com.br\/site\/wp-content\/uploads\/2025\/08\/101-1024x1024.jpg\" alt=\"\" width=\"788\" height=\"788\" srcset=\"https:\/\/aciasb.com.br\/site\/wp-content\/uploads\/2025\/08\/101-1024x1024.jpg 1024w, https:\/\/aciasb.com.br\/site\/wp-content\/uploads\/2025\/08\/101-300x300.jpg 300w, https:\/\/aciasb.com.br\/site\/wp-content\/uploads\/2025\/08\/101-150x150.jpg 150w, https:\/\/aciasb.com.br\/site\/wp-content\/uploads\/2025\/08\/101-768x768.jpg 768w, https:\/\/aciasb.com.br\/site\/wp-content\/uploads\/2025\/08\/101-450x450.jpg 450w, https:\/\/aciasb.com.br\/site\/wp-content\/uploads\/2025\/08\/101.jpg 1080w\" sizes=\"(max-width: 788px) 100vw, 788px\" \/> <img loading=\"lazy\" decoding=\"async\" class=\"alignnone size-large wp-image-8800\" src=\"https:\/\/aciasb.com.br\/site\/wp-content\/uploads\/2025\/08\/102-1024x1024.jpg\" alt=\"\" width=\"788\" height=\"788\" srcset=\"https:\/\/aciasb.com.br\/site\/wp-content\/uploads\/2025\/08\/102-1024x1024.jpg 1024w, https:\/\/aciasb.com.br\/site\/wp-content\/uploads\/2025\/08\/102-300x300.jpg 300w, https:\/\/aciasb.com.br\/site\/wp-content\/uploads\/2025\/08\/102-150x150.jpg 150w, https:\/\/aciasb.com.br\/site\/wp-content\/uploads\/2025\/08\/102-768x768.jpg 768w, https:\/\/aciasb.com.br\/site\/wp-content\/uploads\/2025\/08\/102-450x450.jpg 450w, https:\/\/aciasb.com.br\/site\/wp-content\/uploads\/2025\/08\/102.jpg 1080w\" sizes=\"(max-width: 788px) 100vw, 788px\" \/> Ana Jessica.<\/p>\n","protected":false},"excerpt":{"rendered":"<p>Na manh\u00e3 de ontem, 27 de agosto, a C\u00e2mara de Vereadores promoveu mais uma edi\u00e7\u00e3o do evento &#8220;Caf\u00e9 com Legislativo&#8221;, quando tamb\u00e9m aconteceu o primeiro encontro de Presidentes de C\u00e2maras Municipais e Vereadores das 09 cidades do Territ\u00f3rio do Piemonte Norte do Itapicuru e cidades convidadas, uma iniciativa do Presidente da C\u00e2mara Municipal de Senhor<\/p>\n","protected":false},"author":4,"featured_media":8801,"comment_status":"open","ping_status":"open","sticky":false,"template":"","format":"standard","meta":{"footnotes":""},"categories":[1],"tags":[],"class_list":{"0":"post-8796","1":"post","2":"type-post","3":"status-publish","4":"format-standard","5":"has-post-thumbnail","7":"category-postagens"},"views":203,"_links":{"self":[{"href":"https:\/\/aciasb.com.br\/site\/wp-json\/wp\/v2\/posts\/8796","targetHints":{"allow":["GET"]}}],"collection":[{"href":"https:\/\/aciasb.com.br\/site\/wp-json\/wp\/v2\/posts"}],"about":[{"href":"https:\/\/aciasb.com.br\/site\/wp-json\/wp\/v2\/types\/post"}],"author":[{"embeddable":true,"href":"https:\/\/aciasb.com.br\/site\/wp-json\/wp\/v2\/users\/4"}],"replies":[{"embeddable":true,"href":"https:\/\/aciasb.com.br\/site\/wp-json\/wp\/v2\/comments?post=8796"}],"version-history":[{"count":1,"href":"https:\/\/aciasb.com.br\/site\/wp-json\/wp\/v2\/posts\/8796\/revisions"}],"predecessor-version":[{"id":8802,"href":"https:\/\/aciasb.com.br\/site\/wp-json\/wp\/v2\/posts\/8796\/revisions\/8802"}],"wp:featuredmedia":[{"embeddable":true,"href":"https:\/\/aciasb.com.br\/site\/wp-json\/wp\/v2\/media\/8801"}],"wp:attachment":[{"href":"https:\/\/aciasb.com.br\/site\/wp-json\/wp\/v2\/media?parent=8796"}],"wp:term":[{"taxonomy":"category","embeddable":true,"href":"https:\/\/aciasb.com.br\/site\/wp-json\/wp\/v2\/categories?post=8796"},{"taxonomy":"post_tag","embeddable":true,"href":"https:\/\/aciasb.com.br\/site\/wp-json\/wp\/v2\/tags?post=8796"}],"curies":[{"name":"wp","href":"https:\/\/api.w.org\/{rel}","templated":true}]}}