{"id":8787,"date":"2025-08-08T14:50:47","date_gmt":"2025-08-08T17:50:47","guid":{"rendered":"https:\/\/aciasb.com.br\/site\/?p=8787"},"modified":"2025-08-08T14:50:47","modified_gmt":"2025-08-08T17:50:47","slug":"aciasb-prestigia-inauguracao-da-nova-agencia-do-sebrae-em-senhor-do-bonfim","status":"publish","type":"post","link":"https:\/\/aciasb.com.br\/site\/aciasb-prestigia-inauguracao-da-nova-agencia-do-sebrae-em-senhor-do-bonfim\/","title":{"rendered":"ACIASB PRESTIGIA INAUGURA\u00c7\u00c3O DA NOVA AG\u00caNCIA DO SEBRAE EM SENHOR DO BONFIM"},"content":{"rendered":"<p data-start=\"66\" data-end=\"271\">A diretoria da Aciasb &#8211; Associa\u00e7\u00e3o Comercial, Industrial e Agr\u00edcola de Senhor do Bonfim participou ativamente da cerim\u00f4nia de inaugura\u00e7\u00e3o da nova ag\u00eancia do Sebrae, realizada no dia 07 de agosto de 2025.<\/p>\n<p data-start=\"273\" data-end=\"477\" data-is-last-node=\"\" data-is-only-node=\"\">A presen\u00e7a da diretoria refor\u00e7ou a parceria entre a Aciasb e o Sebrae, contribuindo para o desenvolvimento local e o fomento do empreendedorismo na regi\u00e3o, marcando um importante momento de colabora\u00e7\u00e3o.<\/p>\n<p data-start=\"273\" data-end=\"477\" data-is-last-node=\"\" data-is-only-node=\"\"><img fetchpriority=\"high\" decoding=\"async\" class=\"alignnone size-large wp-image-8788\" src=\"https:\/\/aciasb.com.br\/site\/wp-content\/uploads\/2025\/08\/94-1024x1024.jpg\" alt=\"\" width=\"788\" height=\"788\" srcset=\"https:\/\/aciasb.com.br\/site\/wp-content\/uploads\/2025\/08\/94-1024x1024.jpg 1024w, https:\/\/aciasb.com.br\/site\/wp-content\/uploads\/2025\/08\/94-300x300.jpg 300w, https:\/\/aciasb.com.br\/site\/wp-content\/uploads\/2025\/08\/94-150x150.jpg 150w, https:\/\/aciasb.com.br\/site\/wp-content\/uploads\/2025\/08\/94-768x768.jpg 768w, https:\/\/aciasb.com.br\/site\/wp-content\/uploads\/2025\/08\/94-450x450.jpg 450w, https:\/\/aciasb.com.br\/site\/wp-content\/uploads\/2025\/08\/94.jpg 1080w\" sizes=\"(max-width: 788px) 100vw, 788px\" \/><\/p>\n","protected":false},"excerpt":{"rendered":"<p>A diretoria da Aciasb &#8211; Associa\u00e7\u00e3o Comercial, Industrial e Agr\u00edcola de Senhor do Bonfim participou ativamente da cerim\u00f4nia de inaugura\u00e7\u00e3o da nova ag\u00eancia do Sebrae, realizada no dia 07 de agosto de 2025. A presen\u00e7a da diretoria refor\u00e7ou a parceria entre a Aciasb e o Sebrae, contribuindo para o desenvolvimento local e o fomento do<\/p>\n","protected":false},"author":4,"featured_media":8789,"comment_status":"open","ping_status":"open","sticky":false,"template":"","format":"standard","meta":{"footnotes":""},"categories":[1],"tags":[],"class_list":{"0":"post-8787","1":"post","2":"type-post","3":"status-publish","4":"format-standard","5":"has-post-thumbnail","7":"category-postagens"},"views":212,"_links":{"self":[{"href":"https:\/\/aciasb.com.br\/site\/wp-json\/wp\/v2\/posts\/8787","targetHints":{"allow":["GET"]}}],"collection":[{"href":"https:\/\/aciasb.com.br\/site\/wp-json\/wp\/v2\/posts"}],"about":[{"href":"https:\/\/aciasb.com.br\/site\/wp-json\/wp\/v2\/types\/post"}],"author":[{"embeddable":true,"href":"https:\/\/aciasb.com.br\/site\/wp-json\/wp\/v2\/users\/4"}],"replies":[{"embeddable":true,"href":"https:\/\/aciasb.com.br\/site\/wp-json\/wp\/v2\/comments?post=8787"}],"version-history":[{"count":1,"href":"https:\/\/aciasb.com.br\/site\/wp-json\/wp\/v2\/posts\/8787\/revisions"}],"predecessor-version":[{"id":8790,"href":"https:\/\/aciasb.com.br\/site\/wp-json\/wp\/v2\/posts\/8787\/revisions\/8790"}],"wp:featuredmedia":[{"embeddable":true,"href":"https:\/\/aciasb.com.br\/site\/wp-json\/wp\/v2\/media\/8789"}],"wp:attachment":[{"href":"https:\/\/aciasb.com.br\/site\/wp-json\/wp\/v2\/media?parent=8787"}],"wp:term":[{"taxonomy":"category","embeddable":true,"href":"https:\/\/aciasb.com.br\/site\/wp-json\/wp\/v2\/categories?post=8787"},{"taxonomy":"post_tag","embeddable":true,"href":"https:\/\/aciasb.com.br\/site\/wp-json\/wp\/v2\/tags?post=8787"}],"curies":[{"name":"wp","href":"https:\/\/api.w.org\/{rel}","templated":true}]}}